{"id":768,"date":"2021-04-30T10:09:21","date_gmt":"2021-04-30T10:09:21","guid":{"rendered":"https:\/\/www.mynametags.it\/blog\/?p=768"},"modified":"2022-03-15T11:34:50","modified_gmt":"2022-03-15T11:34:50","slug":"raccolta-fondi-per-scuole-e-asili-nido-con-my-nametags","status":"publish","type":"post","link":"https:\/\/www.mynametags.it\/blog\/2021\/04\/raccolta-fondi-per-scuole-e-asili-nido-con-my-nametags\/","title":{"rendered":"Raccolta fondi per scuole e asili nido con My Nametags!"},"content":{"rendered":"\n<div class=\"wp-block-image\"><figure class=\"aligncenter size-large is-resized\"><img fetchpriority=\"high\" decoding=\"async\" src=\"https:\/\/www.mynametags.it\/blog\/wp-content\/uploads\/2021\/04\/fundraising-01-1024x707.png\" alt=\"\" class=\"wp-image-771\" width=\"425\" height=\"293\" srcset=\"https:\/\/www.mynametags.it\/blog\/wp-content\/uploads\/2021\/04\/fundraising-01-1024x707.png 1024w, https:\/\/www.mynametags.it\/blog\/wp-content\/uploads\/2021\/04\/fundraising-01-300x207.png 300w, https:\/\/www.mynametags.it\/blog\/wp-content\/uploads\/2021\/04\/fundraising-01-768x530.png 768w, https:\/\/www.mynametags.it\/blog\/wp-content\/uploads\/2021\/04\/fundraising-01-1536x1060.png 1536w, https:\/\/www.mynametags.it\/blog\/wp-content\/uploads\/2021\/04\/fundraising-01.png 1920w\" sizes=\"(max-width: 425px) 100vw, 425px\" \/><\/figure><\/div>\n\n\n\n<p>Scuole e asili nido sono i luoghi in cui tutto comincia, dove si fa da soli il primo passo verso il mondo. \u00c8 naturale quindi, voler rendere questi luoghi, che ci hanno cresciuto, il meglio per i nostri figli: non sarebbe fantastico poter aiutare a mantenerli e migliorarli? Noi vorremmo aiutarvi! &nbsp;<br><a href=\"https:\/\/www.mynametags.it\/crea-la-tua-etichetta\">My Nametags<\/a> \u00e8 orgogliosa di avere uno piano di raccolta fondi e vogliamo renderci utili!&nbsp;\u00c8 la combo perfetta perch\u00e8 le nostre etichette sono essenziali per le scuole e gli asili nido. Le etichette My Nametags sono la soluzione ideale per personalizzare gli oggetti dei bambini: sono resistenti, colorate e lavabili. Tutto pu\u00f2 essere etichettato, dalla cancelleria all\u2019 abbigliamento! Avete la possibilit\u00e0 di <a href=\"https:\/\/www.mynametags.it\/crea-la-tua-etichetta\">personalizzare<\/a> le targhette completamente, scegliendo lo sfondo, l\u2019immagine, il font ed il colore del font. Le etichette possono contenere fino a tre righe di testo, ma spesso i genitori optano per scriverci solo il nome del bambino, altri aggiungono il cognome, la classe o il numero di un genitore; altri addirittura scrivono il nome della scuola, per essere sicuri che gli oggetti smarriti vengano riconsegnati.<\/p>\n\n\n\n<p class=\"has-text-align-left\"><strong>Come partecipare<\/strong><\/p>\n\n\n\n<p>Per partecipare e iniziare una raccolta fondi per la vostra scuola, dovrete semplicemente iscrivervi e successivamente vi invieremo un codice specifico School ID da poter promuovere: ogni volta che qualcuno user\u00e0 questo codice per acquistare, sarete automaticamente accreditati. &nbsp;Grazie al nostro programma di raccolta fondi, la vostra scuola o il gruppo di genitori che conoscete, potranno ricevere il 24% di ogni ordine totale. Se volete maggiori informazioni per iscrivervi o per richiedere i depliant, contattateci per email:&nbsp;<a rel=\"noreferrer noopener\" aria-label=\"sales@mynametags.com.  (opens in a new tab)\" target=\"_blank\" href=\"mailto:info@mynametags.it\">info@mynametags.it<\/a>.<\/p>\n","protected":false},"excerpt":{"rendered":"<p>Scuole e asili nido sono i luoghi in cui tutto comincia, dove si fa da soli il primo passo verso il mondo. \u00c8 naturale quindi, voler rendere questi luoghi, che ci hanno cresciuto, il meglio per i nostri figli: non sarebbe fantastico poter aiutare a mantenerli e migliorarli? Noi vorremmo aiutarvi! &nbsp;My Nametags \u00e8 orgogliosa [&hellip;]<\/p>\n","protected":false},"author":1,"featured_media":0,"comment_status":"closed","ping_status":"open","sticky":false,"template":"","format":"standard","meta":{"rop_custom_images_group":[],"rop_custom_messages_group":[],"rop_publish_now":"initial","rop_publish_now_accounts":[],"rop_publish_now_history":[],"rop_publish_now_status":"pending","ocean_post_layout":"","ocean_both_sidebars_style":"","ocean_both_sidebars_content_width":0,"ocean_both_sidebars_sidebars_width":0,"ocean_sidebar":"","ocean_second_sidebar":"","ocean_disable_margins":"enable","ocean_add_body_class":"","ocean_shortcode_before_top_bar":"","ocean_shortcode_after_top_bar":"","ocean_shortcode_before_header":"","ocean_shortcode_after_header":"","ocean_has_shortcode":"","ocean_shortcode_after_title":"","ocean_shortcode_before_footer_widgets":"","ocean_shortcode_after_footer_widgets":"","ocean_shortcode_before_footer_bottom":"","ocean_shortcode_after_footer_bottom":"","ocean_display_top_bar":"default","ocean_display_header":"default","ocean_header_style":"","ocean_center_header_left_menu":"","ocean_custom_header_template":"","ocean_custom_logo":0,"ocean_custom_retina_logo":0,"ocean_custom_logo_max_width":0,"ocean_custom_logo_tablet_max_width":0,"ocean_custom_logo_mobile_max_width":0,"ocean_custom_logo_max_height":0,"ocean_custom_logo_tablet_max_height":0,"ocean_custom_logo_mobile_max_height":0,"ocean_header_custom_menu":"","ocean_menu_typo_font_family":"","ocean_menu_typo_font_subset":"","ocean_menu_typo_font_size":0,"ocean_menu_typo_font_size_tablet":0,"ocean_menu_typo_font_size_mobile":0,"ocean_menu_typo_font_size_unit":"px","ocean_menu_typo_font_weight":"","ocean_menu_typo_font_weight_tablet":"","ocean_menu_typo_font_weight_mobile":"","ocean_menu_typo_transform":"","ocean_menu_typo_transform_tablet":"","ocean_menu_typo_transform_mobile":"","ocean_menu_typo_line_height":0,"ocean_menu_typo_line_height_tablet":0,"ocean_menu_typo_line_height_mobile":0,"ocean_menu_typo_line_height_unit":"","ocean_menu_typo_spacing":0,"ocean_menu_typo_spacing_tablet":0,"ocean_menu_typo_spacing_mobile":0,"ocean_menu_typo_spacing_unit":"","ocean_menu_link_color":"","ocean_menu_link_color_hover":"","ocean_menu_link_color_active":"","ocean_menu_link_background":"","ocean_menu_link_hover_background":"","ocean_menu_link_active_background":"","ocean_menu_social_links_bg":"","ocean_menu_social_hover_links_bg":"","ocean_menu_social_links_color":"","ocean_menu_social_hover_links_color":"","ocean_disable_title":"default","ocean_disable_heading":"default","ocean_post_title":"","ocean_post_subheading":"","ocean_post_title_style":"","ocean_post_title_background_color":"","ocean_post_title_background":0,"ocean_post_title_bg_image_position":"","ocean_post_title_bg_image_attachment":"","ocean_post_title_bg_image_repeat":"","ocean_post_title_bg_image_size":"","ocean_post_title_height":0,"ocean_post_title_bg_overlay":0.5,"ocean_post_title_bg_overlay_color":"","ocean_disable_breadcrumbs":"default","ocean_breadcrumbs_color":"","ocean_breadcrumbs_separator_color":"","ocean_breadcrumbs_links_color":"","ocean_breadcrumbs_links_hover_color":"","ocean_display_footer_widgets":"default","ocean_display_footer_bottom":"default","ocean_custom_footer_template":"","ocean_post_oembed":"","ocean_post_self_hosted_media":"","ocean_post_video_embed":"","ocean_link_format":"","ocean_link_format_target":"self","ocean_quote_format":"","ocean_quote_format_link":"post","ocean_gallery_link_images":"on","ocean_gallery_id":[],"footnotes":""},"categories":[1],"tags":[],"class_list":["post-768","post","type-post","status-publish","format-standard","hentry","category-uncategorized","entry"],"yoast_head":"<!-- This site is optimized with the Yoast SEO plugin v27.3 - https:\/\/yoast.com\/product\/yoast-seo-wordpress\/ -->\n<title>Raccolta fondi per scuole e asili nido con My Nametags! - My Nametags<\/title>\n<meta name=\"description\" content=\"La scuola e l&#039;asilo sono il luogo in cui tutto inizia, quindi \u00e8 naturale che vogliamo rendere questi luoghi il meglio possibile per i nostri figli.\" \/>\n<meta name=\"robots\" content=\"index, follow, max-snippet:-1, max-image-preview:large, max-video-preview:-1\" \/>\n<link rel=\"canonical\" href=\"https:\/\/www.mynametags.it\/blog\/2021\/04\/raccolta-fondi-per-scuole-e-asili-nido-con-my-nametags\/\" \/>\n<meta property=\"og:locale\" content=\"en_US\" \/>\n<meta property=\"og:type\" content=\"article\" \/>\n<meta property=\"og:title\" content=\"Raccolta fondi per scuole e asili nido con My Nametags! - My Nametags\" \/>\n<meta property=\"og:description\" content=\"La scuola e l&#039;asilo sono il luogo in cui tutto inizia, quindi \u00e8 naturale che vogliamo rendere questi luoghi il meglio possibile per i nostri figli.\" \/>\n<meta property=\"og:url\" content=\"https:\/\/www.mynametags.it\/blog\/2021\/04\/raccolta-fondi-per-scuole-e-asili-nido-con-my-nametags\/\" \/>\n<meta property=\"og:site_name\" content=\"Il blog di My Nametags\" \/>\n<meta property=\"article:published_time\" content=\"2021-04-30T10:09:21+00:00\" \/>\n<meta property=\"article:modified_time\" content=\"2022-03-15T11:34:50+00:00\" \/>\n<meta property=\"og:image\" content=\"https:\/\/www.mynametags.it\/blog\/wp-content\/uploads\/2021\/04\/fundraising-01.png\" \/>\n\t<meta property=\"og:image:width\" content=\"1920\" \/>\n\t<meta property=\"og:image:height\" content=\"1325\" \/>\n\t<meta property=\"og:image:type\" content=\"image\/png\" \/>\n<meta name=\"author\" content=\"admin\" \/>\n<meta name=\"twitter:card\" content=\"summary_large_image\" \/>\n<meta name=\"twitter:label1\" content=\"Written by\" \/>\n\t<meta name=\"twitter:data1\" content=\"admin\" \/>\n\t<meta name=\"twitter:label2\" content=\"Est. reading time\" \/>\n\t<meta name=\"twitter:data2\" content=\"1 minute\" \/>\n<script type=\"application\/ld+json\" class=\"yoast-schema-graph\">{\"@context\":\"https:\\\/\\\/schema.org\",\"@graph\":[{\"@type\":\"Article\",\"@id\":\"https:\\\/\\\/www.mynametags.it\\\/blog\\\/2021\\\/04\\\/raccolta-fondi-per-scuole-e-asili-nido-con-my-nametags\\\/#article\",\"isPartOf\":{\"@id\":\"https:\\\/\\\/www.mynametags.it\\\/blog\\\/2021\\\/04\\\/raccolta-fondi-per-scuole-e-asili-nido-con-my-nametags\\\/\"},\"author\":{\"name\":\"admin\",\"@id\":\"https:\\\/\\\/www.mynametags.it\\\/blog\\\/#\\\/schema\\\/person\\\/98ff017ee56162ce3421b349a40fd8f2\"},\"headline\":\"Raccolta fondi per scuole e asili nido con My Nametags!\",\"datePublished\":\"2021-04-30T10:09:21+00:00\",\"dateModified\":\"2022-03-15T11:34:50+00:00\",\"mainEntityOfPage\":{\"@id\":\"https:\\\/\\\/www.mynametags.it\\\/blog\\\/2021\\\/04\\\/raccolta-fondi-per-scuole-e-asili-nido-con-my-nametags\\\/\"},\"wordCount\":272,\"image\":{\"@id\":\"https:\\\/\\\/www.mynametags.it\\\/blog\\\/2021\\\/04\\\/raccolta-fondi-per-scuole-e-asili-nido-con-my-nametags\\\/#primaryimage\"},\"thumbnailUrl\":\"https:\\\/\\\/www.mynametags.it\\\/blog\\\/wp-content\\\/uploads\\\/2021\\\/04\\\/fundraising-01-1024x707.png\",\"inLanguage\":\"en-US\"},{\"@type\":\"WebPage\",\"@id\":\"https:\\\/\\\/www.mynametags.it\\\/blog\\\/2021\\\/04\\\/raccolta-fondi-per-scuole-e-asili-nido-con-my-nametags\\\/\",\"url\":\"https:\\\/\\\/www.mynametags.it\\\/blog\\\/2021\\\/04\\\/raccolta-fondi-per-scuole-e-asili-nido-con-my-nametags\\\/\",\"name\":\"Raccolta fondi per scuole e asili nido con My Nametags! - My Nametags\",\"isPartOf\":{\"@id\":\"https:\\\/\\\/www.mynametags.it\\\/blog\\\/#website\"},\"primaryImageOfPage\":{\"@id\":\"https:\\\/\\\/www.mynametags.it\\\/blog\\\/2021\\\/04\\\/raccolta-fondi-per-scuole-e-asili-nido-con-my-nametags\\\/#primaryimage\"},\"image\":{\"@id\":\"https:\\\/\\\/www.mynametags.it\\\/blog\\\/2021\\\/04\\\/raccolta-fondi-per-scuole-e-asili-nido-con-my-nametags\\\/#primaryimage\"},\"thumbnailUrl\":\"https:\\\/\\\/www.mynametags.it\\\/blog\\\/wp-content\\\/uploads\\\/2021\\\/04\\\/fundraising-01-1024x707.png\",\"datePublished\":\"2021-04-30T10:09:21+00:00\",\"dateModified\":\"2022-03-15T11:34:50+00:00\",\"author\":{\"@id\":\"https:\\\/\\\/www.mynametags.it\\\/blog\\\/#\\\/schema\\\/person\\\/98ff017ee56162ce3421b349a40fd8f2\"},\"description\":\"La scuola e l'asilo sono il luogo in cui tutto inizia, quindi \u00e8 naturale che vogliamo rendere questi luoghi il meglio possibile per i nostri figli.\",\"breadcrumb\":{\"@id\":\"https:\\\/\\\/www.mynametags.it\\\/blog\\\/2021\\\/04\\\/raccolta-fondi-per-scuole-e-asili-nido-con-my-nametags\\\/#breadcrumb\"},\"inLanguage\":\"en-US\",\"potentialAction\":[{\"@type\":\"ReadAction\",\"target\":[\"https:\\\/\\\/www.mynametags.it\\\/blog\\\/2021\\\/04\\\/raccolta-fondi-per-scuole-e-asili-nido-con-my-nametags\\\/\"]}]},{\"@type\":\"ImageObject\",\"inLanguage\":\"en-US\",\"@id\":\"https:\\\/\\\/www.mynametags.it\\\/blog\\\/2021\\\/04\\\/raccolta-fondi-per-scuole-e-asili-nido-con-my-nametags\\\/#primaryimage\",\"url\":\"https:\\\/\\\/www.mynametags.it\\\/blog\\\/wp-content\\\/uploads\\\/2021\\\/04\\\/fundraising-01.png\",\"contentUrl\":\"https:\\\/\\\/www.mynametags.it\\\/blog\\\/wp-content\\\/uploads\\\/2021\\\/04\\\/fundraising-01.png\",\"width\":1920,\"height\":1325},{\"@type\":\"BreadcrumbList\",\"@id\":\"https:\\\/\\\/www.mynametags.it\\\/blog\\\/2021\\\/04\\\/raccolta-fondi-per-scuole-e-asili-nido-con-my-nametags\\\/#breadcrumb\",\"itemListElement\":[{\"@type\":\"ListItem\",\"position\":1,\"name\":\"Home\",\"item\":\"https:\\\/\\\/www.mynametags.it\\\/blog\\\/\"},{\"@type\":\"ListItem\",\"position\":2,\"name\":\"Raccolta fondi per scuole e asili nido con My Nametags!\"}]},{\"@type\":\"WebSite\",\"@id\":\"https:\\\/\\\/www.mynametags.it\\\/blog\\\/#website\",\"url\":\"https:\\\/\\\/www.mynametags.it\\\/blog\\\/\",\"name\":\"Il blog di My Nametags\",\"description\":\"Blog sulle etichette nominative, etichette termoadesive e altre informazioni utili sulle etichette.\",\"potentialAction\":[{\"@type\":\"SearchAction\",\"target\":{\"@type\":\"EntryPoint\",\"urlTemplate\":\"https:\\\/\\\/www.mynametags.it\\\/blog\\\/?s={search_term_string}\"},\"query-input\":{\"@type\":\"PropertyValueSpecification\",\"valueRequired\":true,\"valueName\":\"search_term_string\"}}],\"inLanguage\":\"en-US\"},{\"@type\":\"Person\",\"@id\":\"https:\\\/\\\/www.mynametags.it\\\/blog\\\/#\\\/schema\\\/person\\\/98ff017ee56162ce3421b349a40fd8f2\",\"name\":\"admin\",\"image\":{\"@type\":\"ImageObject\",\"inLanguage\":\"en-US\",\"@id\":\"https:\\\/\\\/secure.gravatar.com\\\/avatar\\\/27b864c344d0ba647defbb14d62338d7e0dbb466a73b4966351866c8441fdae1?s=96&d=mm&r=g\",\"url\":\"https:\\\/\\\/secure.gravatar.com\\\/avatar\\\/27b864c344d0ba647defbb14d62338d7e0dbb466a73b4966351866c8441fdae1?s=96&d=mm&r=g\",\"contentUrl\":\"https:\\\/\\\/secure.gravatar.com\\\/avatar\\\/27b864c344d0ba647defbb14d62338d7e0dbb466a73b4966351866c8441fdae1?s=96&d=mm&r=g\",\"caption\":\"admin\"},\"url\":\"https:\\\/\\\/www.mynametags.it\\\/blog\\\/author\\\/admin\\\/\"}]}<\/script>\n<!-- \/ Yoast SEO plugin. -->","yoast_head_json":{"title":"Raccolta fondi per scuole e asili nido con My Nametags! - My Nametags","description":"La scuola e l'asilo sono il luogo in cui tutto inizia, quindi \u00e8 naturale che vogliamo rendere questi luoghi il meglio possibile per i nostri figli.","robots":{"index":"index","follow":"follow","max-snippet":"max-snippet:-1","max-image-preview":"max-image-preview:large","max-video-preview":"max-video-preview:-1"},"canonical":"https:\/\/www.mynametags.it\/blog\/2021\/04\/raccolta-fondi-per-scuole-e-asili-nido-con-my-nametags\/","og_locale":"en_US","og_type":"article","og_title":"Raccolta fondi per scuole e asili nido con My Nametags! - My Nametags","og_description":"La scuola e l'asilo sono il luogo in cui tutto inizia, quindi \u00e8 naturale che vogliamo rendere questi luoghi il meglio possibile per i nostri figli.","og_url":"https:\/\/www.mynametags.it\/blog\/2021\/04\/raccolta-fondi-per-scuole-e-asili-nido-con-my-nametags\/","og_site_name":"Il blog di My Nametags","article_published_time":"2021-04-30T10:09:21+00:00","article_modified_time":"2022-03-15T11:34:50+00:00","og_image":[{"width":1920,"height":1325,"url":"https:\/\/www.mynametags.it\/blog\/wp-content\/uploads\/2021\/04\/fundraising-01.png","type":"image\/png"}],"author":"admin","twitter_card":"summary_large_image","twitter_misc":{"Written by":"admin","Est. reading time":"1 minute"},"schema":{"@context":"https:\/\/schema.org","@graph":[{"@type":"Article","@id":"https:\/\/www.mynametags.it\/blog\/2021\/04\/raccolta-fondi-per-scuole-e-asili-nido-con-my-nametags\/#article","isPartOf":{"@id":"https:\/\/www.mynametags.it\/blog\/2021\/04\/raccolta-fondi-per-scuole-e-asili-nido-con-my-nametags\/"},"author":{"name":"admin","@id":"https:\/\/www.mynametags.it\/blog\/#\/schema\/person\/98ff017ee56162ce3421b349a40fd8f2"},"headline":"Raccolta fondi per scuole e asili nido con My Nametags!","datePublished":"2021-04-30T10:09:21+00:00","dateModified":"2022-03-15T11:34:50+00:00","mainEntityOfPage":{"@id":"https:\/\/www.mynametags.it\/blog\/2021\/04\/raccolta-fondi-per-scuole-e-asili-nido-con-my-nametags\/"},"wordCount":272,"image":{"@id":"https:\/\/www.mynametags.it\/blog\/2021\/04\/raccolta-fondi-per-scuole-e-asili-nido-con-my-nametags\/#primaryimage"},"thumbnailUrl":"https:\/\/www.mynametags.it\/blog\/wp-content\/uploads\/2021\/04\/fundraising-01-1024x707.png","inLanguage":"en-US"},{"@type":"WebPage","@id":"https:\/\/www.mynametags.it\/blog\/2021\/04\/raccolta-fondi-per-scuole-e-asili-nido-con-my-nametags\/","url":"https:\/\/www.mynametags.it\/blog\/2021\/04\/raccolta-fondi-per-scuole-e-asili-nido-con-my-nametags\/","name":"Raccolta fondi per scuole e asili nido con My Nametags! - My Nametags","isPartOf":{"@id":"https:\/\/www.mynametags.it\/blog\/#website"},"primaryImageOfPage":{"@id":"https:\/\/www.mynametags.it\/blog\/2021\/04\/raccolta-fondi-per-scuole-e-asili-nido-con-my-nametags\/#primaryimage"},"image":{"@id":"https:\/\/www.mynametags.it\/blog\/2021\/04\/raccolta-fondi-per-scuole-e-asili-nido-con-my-nametags\/#primaryimage"},"thumbnailUrl":"https:\/\/www.mynametags.it\/blog\/wp-content\/uploads\/2021\/04\/fundraising-01-1024x707.png","datePublished":"2021-04-30T10:09:21+00:00","dateModified":"2022-03-15T11:34:50+00:00","author":{"@id":"https:\/\/www.mynametags.it\/blog\/#\/schema\/person\/98ff017ee56162ce3421b349a40fd8f2"},"description":"La scuola e l'asilo sono il luogo in cui tutto inizia, quindi \u00e8 naturale che vogliamo rendere questi luoghi il meglio possibile per i nostri figli.","breadcrumb":{"@id":"https:\/\/www.mynametags.it\/blog\/2021\/04\/raccolta-fondi-per-scuole-e-asili-nido-con-my-nametags\/#breadcrumb"},"inLanguage":"en-US","potentialAction":[{"@type":"ReadAction","target":["https:\/\/www.mynametags.it\/blog\/2021\/04\/raccolta-fondi-per-scuole-e-asili-nido-con-my-nametags\/"]}]},{"@type":"ImageObject","inLanguage":"en-US","@id":"https:\/\/www.mynametags.it\/blog\/2021\/04\/raccolta-fondi-per-scuole-e-asili-nido-con-my-nametags\/#primaryimage","url":"https:\/\/www.mynametags.it\/blog\/wp-content\/uploads\/2021\/04\/fundraising-01.png","contentUrl":"https:\/\/www.mynametags.it\/blog\/wp-content\/uploads\/2021\/04\/fundraising-01.png","width":1920,"height":1325},{"@type":"BreadcrumbList","@id":"https:\/\/www.mynametags.it\/blog\/2021\/04\/raccolta-fondi-per-scuole-e-asili-nido-con-my-nametags\/#breadcrumb","itemListElement":[{"@type":"ListItem","position":1,"name":"Home","item":"https:\/\/www.mynametags.it\/blog\/"},{"@type":"ListItem","position":2,"name":"Raccolta fondi per scuole e asili nido con My Nametags!"}]},{"@type":"WebSite","@id":"https:\/\/www.mynametags.it\/blog\/#website","url":"https:\/\/www.mynametags.it\/blog\/","name":"Il blog di My Nametags","description":"Blog sulle etichette nominative, etichette termoadesive e altre informazioni utili sulle etichette.","potentialAction":[{"@type":"SearchAction","target":{"@type":"EntryPoint","urlTemplate":"https:\/\/www.mynametags.it\/blog\/?s={search_term_string}"},"query-input":{"@type":"PropertyValueSpecification","valueRequired":true,"valueName":"search_term_string"}}],"inLanguage":"en-US"},{"@type":"Person","@id":"https:\/\/www.mynametags.it\/blog\/#\/schema\/person\/98ff017ee56162ce3421b349a40fd8f2","name":"admin","image":{"@type":"ImageObject","inLanguage":"en-US","@id":"https:\/\/secure.gravatar.com\/avatar\/27b864c344d0ba647defbb14d62338d7e0dbb466a73b4966351866c8441fdae1?s=96&d=mm&r=g","url":"https:\/\/secure.gravatar.com\/avatar\/27b864c344d0ba647defbb14d62338d7e0dbb466a73b4966351866c8441fdae1?s=96&d=mm&r=g","contentUrl":"https:\/\/secure.gravatar.com\/avatar\/27b864c344d0ba647defbb14d62338d7e0dbb466a73b4966351866c8441fdae1?s=96&d=mm&r=g","caption":"admin"},"url":"https:\/\/www.mynametags.it\/blog\/author\/admin\/"}]}},"post_mailing_queue_ids":[],"_links":{"self":[{"href":"https:\/\/www.mynametags.it\/blog\/wp-json\/wp\/v2\/posts\/768","targetHints":{"allow":["GET"]}}],"collection":[{"href":"https:\/\/www.mynametags.it\/blog\/wp-json\/wp\/v2\/posts"}],"about":[{"href":"https:\/\/www.mynametags.it\/blog\/wp-json\/wp\/v2\/types\/post"}],"author":[{"embeddable":true,"href":"https:\/\/www.mynametags.it\/blog\/wp-json\/wp\/v2\/users\/1"}],"replies":[{"embeddable":true,"href":"https:\/\/www.mynametags.it\/blog\/wp-json\/wp\/v2\/comments?post=768"}],"version-history":[{"count":4,"href":"https:\/\/www.mynametags.it\/blog\/wp-json\/wp\/v2\/posts\/768\/revisions"}],"predecessor-version":[{"id":867,"href":"https:\/\/www.mynametags.it\/blog\/wp-json\/wp\/v2\/posts\/768\/revisions\/867"}],"wp:attachment":[{"href":"https:\/\/www.mynametags.it\/blog\/wp-json\/wp\/v2\/media?parent=768"}],"wp:term":[{"taxonomy":"category","embeddable":true,"href":"https:\/\/www.mynametags.it\/blog\/wp-json\/wp\/v2\/categories?post=768"},{"taxonomy":"post_tag","embeddable":true,"href":"https:\/\/www.mynametags.it\/blog\/wp-json\/wp\/v2\/tags?post=768"}],"curies":[{"name":"wp","href":"https:\/\/api.w.org\/{rel}","templated":true}]}}